{"id":459,"date":"2025-04-28T12:47:04","date_gmt":"2025-04-28T15:47:04","guid":{"rendered":"https:\/\/treinamentolivre.com\/si\/cyber\/?p=459"},"modified":"2025-04-28T12:47:50","modified_gmt":"2025-04-28T15:47:50","slug":"apagao-na-europa-portugal-e-espanha-ficam-sem-energia-eletrica-hoje","status":"publish","type":"post","link":"https:\/\/treinamentolivre.com\/si\/cyber\/?p=459","title":{"rendered":"Apag\u00e3o na Europa: Portugal e Espanha ficam sem energia el\u00e9trica hoje."},"content":{"rendered":"\n<blockquote class=\"wp-block-quote is-layout-flow wp-block-quote-is-layout-flow\">\n<p>A falha el\u00e9trica, que come\u00e7ou por volta das 07h30 (hor\u00e1rio de Bras\u00edlia), j\u00e1 \u00e9 considerada um dos maiores apag\u00f5es da Europa nos \u00faltimos anos; causa do problema ainda \u00e9 desconhecida.<\/p>\n\n\n\n<p>Por Anna Kellen Bull, para o TechTudo<br>28\/04\/2025 08h29<\/p>\n<\/blockquote>\n\n\n\n<p>Um apag\u00e3o atingiu v\u00e1rias regi\u00f5es de Portugal e da Espanha, al\u00e9m de outros pa\u00edses da Europa, nesta segunda-feira (28). A falha el\u00e9trica deixou cidades sem luz e afetou servi\u00e7os essenciais, como transporte e telecomunica\u00e7\u00f5es. O problema come\u00e7ou por volta das 11h30 (hor\u00e1rio local) e, at\u00e9 o momento, a causa ainda n\u00e3o foi identificada.<br>De acordo com informa\u00e7\u00f5es do Di\u00e1rio de Not\u00edcias e da RTP, a falha de energia n\u00e3o se restringiu apenas a Portugal e Espanha \u2014 tamb\u00e9m h\u00e1 relatos de cortes na It\u00e1lia, Alemanha, Fran\u00e7a e Gr\u00e9cia. A Secretaria-Geral da Administra\u00e7\u00e3o Interna de Portugal n\u00e3o exclui a possibilidade de um ciberataque, embora as autoridades reforcem que a investiga\u00e7\u00e3o ainda est\u00e1 em andamento.<\/p>\n\n\n\n<p>[<a href=\"https:\/\/www.techtudo.com.br\/noticias\/2025\/04\/apagao-na-europa-portugal-e-espanha-ficam-sem-energia-eletrica-hoje-edinfoeletro.ghtml\" target=\"_blank\" rel=\"noreferrer noopener\">Leia mais<\/a>]<\/p>\n","protected":false},"excerpt":{"rendered":"<p>A falha el\u00e9trica, que come\u00e7ou por volta das 07h30 (hor\u00e1rio de Bras\u00edlia), j\u00e1 \u00e9 considerada um dos maiores apag\u00f5es da Europa nos \u00faltimos anos; causa do problema ainda \u00e9 desconhecida.&#8230;<\/p>\n<div class=\"more-link-wrapper\"><a class=\"more-link\" href=\"https:\/\/treinamentolivre.com\/si\/cyber\/?p=459\">Continuar a ler&#8230;<span class=\"screen-reader-text\">Apag\u00e3o na Europa: Portugal e Espanha ficam sem energia el\u00e9trica hoje.<\/span><\/a><\/div>\n","protected":false},"author":1,"featured_media":0,"comment_status":"open","ping_status":"open","sticky":false,"template":"","format":"standard","meta":{"footnotes":""},"categories":[48,4],"tags":[],"class_list":["post-459","post","type-post","status-publish","format-standard","hentry","category-energia","category-seguranca","excerpt"],"_links":{"self":[{"href":"https:\/\/treinamentolivre.com\/si\/cyber\/index.php?rest_route=\/wp\/v2\/posts\/459","targetHints":{"allow":["GET"]}}],"collection":[{"href":"https:\/\/treinamentolivre.com\/si\/cyber\/index.php?rest_route=\/wp\/v2\/posts"}],"about":[{"href":"https:\/\/treinamentolivre.com\/si\/cyber\/index.php?rest_route=\/wp\/v2\/types\/post"}],"author":[{"embeddable":true,"href":"https:\/\/treinamentolivre.com\/si\/cyber\/index.php?rest_route=\/wp\/v2\/users\/1"}],"replies":[{"embeddable":true,"href":"https:\/\/treinamentolivre.com\/si\/cyber\/index.php?rest_route=%2Fwp%2Fv2%2Fcomments&post=459"}],"version-history":[{"count":1,"href":"https:\/\/treinamentolivre.com\/si\/cyber\/index.php?rest_route=\/wp\/v2\/posts\/459\/revisions"}],"predecessor-version":[{"id":460,"href":"https:\/\/treinamentolivre.com\/si\/cyber\/index.php?rest_route=\/wp\/v2\/posts\/459\/revisions\/460"}],"wp:attachment":[{"href":"https:\/\/treinamentolivre.com\/si\/cyber\/index.php?rest_route=%2Fwp%2Fv2%2Fmedia&parent=459"}],"wp:term":[{"taxonomy":"category","embeddable":true,"href":"https:\/\/treinamentolivre.com\/si\/cyber\/index.php?rest_route=%2Fwp%2Fv2%2Fcategories&post=459"},{"taxonomy":"post_tag","embeddable":true,"href":"https:\/\/treinamentolivre.com\/si\/cyber\/index.php?rest_route=%2Fwp%2Fv2%2Ftags&post=459"}],"curies":[{"name":"wp","href":"https:\/\/api.w.org\/{rel}","templated":true}]}}