{"id":317,"date":"2024-07-30T17:45:54","date_gmt":"2024-07-30T20:45:54","guid":{"rendered":"https:\/\/treinamentolivre.com\/si\/cyber\/?p=317"},"modified":"2024-07-30T17:47:38","modified_gmt":"2024-07-30T20:47:38","slug":"uerj-e-ibge-assinam-protocolo-de-intencoes-em-conferencia-nacional-sobre-producao-e-uso-de-dados","status":"publish","type":"post","link":"https:\/\/treinamentolivre.com\/si\/cyber\/?p=317","title":{"rendered":"Uerj e IBGE assinam protocolo de inten\u00e7\u00f5es, em confer\u00eancia nacional sobre produ\u00e7\u00e3o e uso de dados."},"content":{"rendered":"\n<blockquote class=\"wp-block-quote is-layout-flow wp-block-quote-is-layout-flow\">\n<p>30\/07\/2024 12:32<br>Diretoria de Comunica\u00e7\u00e3o da Uerj<\/p>\n<\/blockquote>\n\n\n\n<figure class=\"wp-block-image size-large\"><img decoding=\"async\" src=\"https:\/\/www.uerj.br\/wp-content\/uploads\/2024\/07\/Gulnar_e_Pochmann_1-768x512.jpg\" alt=\"\"\/><\/figure>\n\n\n\n<p>A Universidade do Estado do Rio de Janeiro (Uerj) recebeu, nesta segunda-feira (29\/7), a abertura da Confer\u00eancia Nacional dos Agentes Produtores e Usu\u00e1rios de Dados \u2013 Riscos e Oportunidades do Brasil na Era Digital, organizada pelo Instituto Brasileiro de Geografia e Estat\u00edstica (IBGE). Na cerim\u00f4nia, realizada no Teatro Odylo Costa, filho, campus Maracan\u00e3, a Universidade e o IBGE firmaram um protocolo de inten\u00e7\u00f5es para promover a\u00e7\u00f5es no campo da ci\u00eancia, tecnologia, inova\u00e7\u00e3o, ensino e produ\u00e7\u00e3o de dados estat\u00edsticos e bases de informa\u00e7\u00e3o.<\/p>\n\n\n\n<p>Em seu discurso, a reitora Gulnar Azevedo e Silva destacou que o acordo assegura a continuidade de projetos e pesquisas. \u201c\u00c9 uma honra para a Uerj fortalecer essa parceria. A partir dessa carta de inten\u00e7\u00f5es, abrimos uma avenida de possibilidades para manter e ampliar nossas pesquisas com base em dados do IBGE. Isso contribui para a forma\u00e7\u00e3o de profissionais em diversas \u00e1reas e tamb\u00e9m para a formula\u00e7\u00e3o de pol\u00edticas p\u00fablicas, uma miss\u00e3o muito importante da Universidade\u201d, afirmou<\/p>\n\n\n\n<p>Com extensa programa\u00e7\u00e3o, a confer\u00eancia re\u00fane especialistas, at\u00e9 sexta-feira (02\/8), em mesas-redondas e grupos de trabalho. O evento tem como objetivo discutir os riscos e oportunidades que derivam da atual governan\u00e7a da \u201cEra Digital\u201d. Tamb\u00e9m aborda a consolida\u00e7\u00e3o e regulamenta\u00e7\u00e3o do Sistema Nacional de Geoci\u00eancias, Estat\u00edstica e Dados (SINGED), em um cen\u00e1rio global marcado por corpora\u00e7\u00f5es supranacionais que dominam a produ\u00e7\u00e3o e o uso de dados sobre as popula\u00e7\u00f5es.<\/p>\n\n\n\n<p>O presidente do IBGE, Marcio Pochmann, defendeu a necessidade de um novo marco legal para as estat\u00edsticas no Brasil, a ser apresentado ao Congresso Nacional. \u201cEspero que, at\u00e9 o final da confer\u00eancia, seja criado um documento que traduza a converg\u00eancia entre as ideias formuladas pelo Instituto e as dos produtores e usu\u00e1rios de dados em rela\u00e7\u00e3o ao que o pa\u00eds precisa oferecer\u201d, disse.<\/p>\n\n\n\n<p>[ <a href=\"https:\/\/www.uerj.br\/noticia\/uerj-e-ibge-assinam-protocolo-de-intencoes-em-conferencia-nacional-sobre-producao-e-uso-de-dados\/\" target=\"_blank\" rel=\"noreferrer noopener\">Leia mais<\/a> ]<\/p>\n","protected":false},"excerpt":{"rendered":"<p>30\/07\/2024 12:32Diretoria de Comunica\u00e7\u00e3o da Uerj A Universidade do Estado do Rio de Janeiro (Uerj) recebeu, nesta segunda-feira (29\/7), a abertura da Confer\u00eancia Nacional dos Agentes Produtores e Usu\u00e1rios de&#8230;<\/p>\n<div class=\"more-link-wrapper\"><a class=\"more-link\" href=\"https:\/\/treinamentolivre.com\/si\/cyber\/?p=317\">Continuar a ler&#8230;<span class=\"screen-reader-text\">Uerj e IBGE assinam protocolo de inten\u00e7\u00f5es, em confer\u00eancia nacional sobre produ\u00e7\u00e3o e uso de dados.<\/span><\/a><\/div>\n","protected":false},"author":1,"featured_media":0,"comment_status":"open","ping_status":"open","sticky":false,"template":"","format":"standard","meta":{"footnotes":""},"categories":[31,15,4],"tags":[],"class_list":["post-317","post","type-post","status-publish","format-standard","hentry","category-dados","category-lgpd","category-seguranca","excerpt"],"_links":{"self":[{"href":"https:\/\/treinamentolivre.com\/si\/cyber\/index.php?rest_route=\/wp\/v2\/posts\/317","targetHints":{"allow":["GET"]}}],"collection":[{"href":"https:\/\/treinamentolivre.com\/si\/cyber\/index.php?rest_route=\/wp\/v2\/posts"}],"about":[{"href":"https:\/\/treinamentolivre.com\/si\/cyber\/index.php?rest_route=\/wp\/v2\/types\/post"}],"author":[{"embeddable":true,"href":"https:\/\/treinamentolivre.com\/si\/cyber\/index.php?rest_route=\/wp\/v2\/users\/1"}],"replies":[{"embeddable":true,"href":"https:\/\/treinamentolivre.com\/si\/cyber\/index.php?rest_route=%2Fwp%2Fv2%2Fcomments&post=317"}],"version-history":[{"count":2,"href":"https:\/\/treinamentolivre.com\/si\/cyber\/index.php?rest_route=\/wp\/v2\/posts\/317\/revisions"}],"predecessor-version":[{"id":319,"href":"https:\/\/treinamentolivre.com\/si\/cyber\/index.php?rest_route=\/wp\/v2\/posts\/317\/revisions\/319"}],"wp:attachment":[{"href":"https:\/\/treinamentolivre.com\/si\/cyber\/index.php?rest_route=%2Fwp%2Fv2%2Fmedia&parent=317"}],"wp:term":[{"taxonomy":"category","embeddable":true,"href":"https:\/\/treinamentolivre.com\/si\/cyber\/index.php?rest_route=%2Fwp%2Fv2%2Fcategories&post=317"},{"taxonomy":"post_tag","embeddable":true,"href":"https:\/\/treinamentolivre.com\/si\/cyber\/index.php?rest_route=%2Fwp%2Fv2%2Ftags&post=317"}],"curies":[{"name":"wp","href":"https:\/\/api.w.org\/{rel}","templated":true}]}}