{"id":171,"date":"2024-01-29T18:17:02","date_gmt":"2024-01-29T21:17:02","guid":{"rendered":"https:\/\/treinamentolivre.com\/si\/cyber\/?p=171"},"modified":"2024-01-29T18:38:37","modified_gmt":"2024-01-29T21:38:37","slug":"o-que-e-a-abin-paralela-esquema-que-colocou-carlos-bolsonaro-na-mira-da-pf","status":"publish","type":"post","link":"https:\/\/treinamentolivre.com\/si\/cyber\/?p=171","title":{"rendered":"O que \u00e9 a &#8220;Abin paralela&#8221;, esquema que colocou Carlos Bolsonaro na mira da PF"},"content":{"rendered":"\n<blockquote class=\"wp-block-quote is-layout-flow wp-block-quote-is-layout-flow\">\n<p>Durante o governo de Jair Bolsonaro, a Ag\u00eancia Brasileira de Intelig\u00eancia teria sido usada para monitorar pol\u00edticos ilegalmente, em esquema idealizado pelo filho do presidente, aponta a Pol\u00edcia Federal.<br>Da reda\u00e7\u00e3o da Band.<br>29\/01\/2024 \u2022 14:04 \u2022 ATUALIZADO EM 29\/01\/2024 \u2022 14:15<\/p>\n<\/blockquote>\n\n\n\n<figure class=\"wp-block-image size-large\"><img decoding=\"async\" src=\" https:\/\/img.band.uol.com.br\/image\/2024\/01\/29\/o-vereador-carlos-bolsonaro-republicanos-rj-135938_800x450.webp\" alt=\"\"\/><\/figure>\n\n\n\n<p class=\"has-text-align-center\">O vereador Carlos Bolsonaro seria o idealizador da &#8220;Abin paralela&#8221;, segundo a PF<br>C\u00e2mara Rio\/Divulga\u00e7\u00e3o<\/p>\n\n\n\n<p>Filho do ex-presidente Jair Bolsonaro (PL), o vereador Carlos Bolsonaro (Republicanos-RJ) \u00e9 alvo de uma nova fase da opera\u00e7\u00e3o da Pol\u00edcia Federal que investiga monitoramento ilegal feito pela Ag\u00eancia Brasileira de Intelig\u00eancia (Abin), iniciada nesta segunda-feira (29).<\/p>\n\n\n\n<p>Criada em 1995, a Abin tem como objetivo fornecer ao presidente da Rep\u00fablica e ministros informa\u00e7\u00f5es estrat\u00e9gicas para o processo de decis\u00e3o. Entretanto, a Opera\u00e7\u00e3o Vigil\u00e2ncia Aproximada investiga uma &#8220;organiza\u00e7\u00e3o criminosa que se instalou na ag\u00eancia&#8221;<\/p>\n\n\n\n<p>[<a href=\"https:\/\/tv.uol\/1AFhV\" target=\"_blank\" rel=\"noreferrer noopener\">Assista ao Video<\/a>].<\/p>\n\n\n\n<p>[<a href=\"https:\/\/www.band.uol.com.br\/noticias\/o-que-e-a-abin-paralela-esquema-que-colocou-carlos-bolsonaro-na-mira-da-pf-16663530?utm_campaign=newsband&amp;utm_content=su_newsletter-29-01&amp;utm_medium=email&amp;utm_source=newsletter\" target=\"_blank\" rel=\"noreferrer noopener\">Veja na Band<\/a>] <\/p>\n\n\n\n<p>Segundo fontes da Pol\u00edcia Federal, Carlos Bolsonaro seria o idealizador da &#8220;Abin paralela&#8221;, que teria entrado em vigor quando o \u00f3rg\u00e3o era chefiado por Alexandre Ramagem (PL-RJ), aliado do ex-presidente Bolsonaro.<\/p>\n\n\n\n<p>Diretor-geral do \u00f3rg\u00e3o entre julho de 2019 e mar\u00e7o de 2022 e atualmente deputado federal, <a href=\"https:\/\/www.band.uol.com.br\/noticias\/bora-brasil\/ultimas\/operacao-pf-vigilancia-aproximada-abin-16662674\" target=\"_blank\" rel=\"noreferrer noopener\">Ramagem<\/a>  foi um dos alvos da fase anterior da opera\u00e7\u00e3o, que ocorreu na quinta-feira (25).<\/p>\n\n\n\n<p>Carlos teria designado miss\u00f5es ao diretor &#8211; como, por exemplo, provar uma suposta liga\u00e7\u00e3o dos ministros do Supremo Tribunal Federal (STF) Gilmar Mendes Alexandre Moraes com o Primeiro Comando da Capital (PCC).<\/p>\n\n\n\n<p>Al\u00e9m disso, a PF suspeita que a Abin foi usada durante o governo de Bolsonaro para monitorar ilegalmente v\u00e1rias autoridades e pessoas envolvidas em investiga\u00e7\u00f5es, al\u00e9m de desafetos do ex-presidente. As investiga\u00e7\u00f5es apontam que foram usadas ferramentas de geolocaliza\u00e7\u00e3o de celulares sem autoriza\u00e7\u00e3o judicial.<\/p>\n\n\n\n<p>Os mandados de busca e apreens\u00e3o desta segunda-feira (29) est\u00e3o sendo cumpridos nos endere\u00e7os ligados a Carlos Bolsonaro no Rio de Janeiro, como o gabinete na C\u00e2mara Municipal. Assessores do vereador tamb\u00e9m est\u00e3o entre os alvos. N\u00e3o h\u00e1 mandados de pris\u00e3o.<\/p>\n\n\n\n<p><\/p>\n\n\n\n<p><strong>Como a Abin monitorava autoridades paralelamente ?<\/strong><\/p>\n\n\n\n<p><br>Segundo a PF, o monitoramento era feito usando ferramentas da ag\u00eancia para a\u00e7\u00f5es il\u00edcitas, \u201cproduzindo informa\u00e7\u00f5es para uso pol\u00edtico e midi\u00e1tico. O objetivo seria a \u201dobten\u00e7\u00e3o de proveitos pessoais e at\u00e9 mesmo para interferir em investiga\u00e7\u00f5es da Pol\u00edcia Federal&#8221;.<\/p>\n\n\n\n<p>Uma das ferramentas usadas era o software <a href=\"https:\/\/www.band.uol.com.br\/noticias\/conheca-o-firstmile-software-de-monitoramento-usado-pela-abin-16662693\" target=\"_blank\" rel=\"noreferrer noopener\">FirstMile <\/a>, desenvolvido pela empresa israelense <a href=\"https:\/\/www.cognyte.com\/\" target=\"_blank\" rel=\"noreferrer noopener\">Cognyte<\/a> (ex-Verint), que permite a consulta de at\u00e9 10 mil aparelhos de celular a cada 12 meses.<\/p>\n\n\n\n<p>Em outubro, a PF afirmou que o sistema havia sido usado mais de 30 mil vezes, incluindo 2,2 mil usos relacionados a pol\u00edticos, jornalistas, advogados e advers\u00e1rios do governo Bolsonaro.<\/p>\n\n\n\n<p><\/p>\n\n\n\n<p><strong>Quem foi monitorado?<\/strong><\/p>\n\n\n\n<p><br>As investiga\u00e7\u00f5es apontam o monitoramento de autoridades, entre elas:<\/p>\n\n\n\n<ul class=\"wp-block-list\">\n<li>O ent\u00e3o presidente da C\u00e2mara dos Deputados, Rodrigo Maia;<\/li>\n\n\n\n<li>A ent\u00e3o deputada federal Joice Hasselmann;<\/li>\n\n\n\n<li>O ex-governador de S\u00e3o Paulo, Rodrigo Garcia;<\/li>\n\n\n\n<li>O advogado Roberto Bertholdo.<\/li>\n\n\n\n<li>Por quais crimes os investigados podem responder?<\/li>\n<\/ul>\n\n\n\n<p>Os investigados podem responder, na medida de suas responsabilidades, pelos crimes de:<\/p>\n\n\n\n<ul class=\"wp-block-list\">\n<li>Invas\u00e3o de dispositivo inform\u00e1tico alheio,<\/li>\n\n\n\n<li>organiza\u00e7\u00e3o criminosa e<\/li>\n\n\n\n<li>intercepta\u00e7\u00e3o de comunica\u00e7\u00f5es telef\u00f4nicas ou de inform\u00e1tica sem autoriza\u00e7\u00e3o judicial ou com objetivos n\u00e3o autorizados em lei.<\/li>\n<\/ul>\n\n\n\n<p>[Veja a <a href=\"http:\/\/(https:\/\/www.band.uol.com.br\/noticias\/bora-brasil\/ultimas\/pf-mira-carlos-bolsonaro-em-investigacao-sobre-espionagem-da-abin-16663427)\" target=\"_blank\" rel=\"noreferrer noopener\">reportagem original<\/a>]<\/p>\n\n\n\n<p><\/p>\n","protected":false},"excerpt":{"rendered":"<p>Durante o governo de Jair Bolsonaro, a Ag\u00eancia Brasileira de Intelig\u00eancia teria sido usada para monitorar pol\u00edticos ilegalmente, em esquema idealizado pelo filho do presidente, aponta a Pol\u00edcia Federal.Da reda\u00e7\u00e3o&#8230;<\/p>\n<div class=\"more-link-wrapper\"><a class=\"more-link\" href=\"https:\/\/treinamentolivre.com\/si\/cyber\/?p=171\">Continuar a ler&#8230;<span class=\"screen-reader-text\">O que \u00e9 a &#8220;Abin paralela&#8221;, esquema que colocou Carlos Bolsonaro na mira da PF<\/span><\/a><\/div>\n","protected":false},"author":1,"featured_media":0,"comment_status":"open","ping_status":"open","sticky":false,"template":"","format":"standard","meta":{"footnotes":""},"categories":[20,17,21,19,16,18],"tags":[],"class_list":["post-171","post","type-post","status-publish","format-standard","hentry","category-abin","category-agencia","category-carlos-bolsonaro","category-espionagem","category-inteligencia","category-privacidade","excerpt"],"_links":{"self":[{"href":"https:\/\/treinamentolivre.com\/si\/cyber\/index.php?rest_route=\/wp\/v2\/posts\/171","targetHints":{"allow":["GET"]}}],"collection":[{"href":"https:\/\/treinamentolivre.com\/si\/cyber\/index.php?rest_route=\/wp\/v2\/posts"}],"about":[{"href":"https:\/\/treinamentolivre.com\/si\/cyber\/index.php?rest_route=\/wp\/v2\/types\/post"}],"author":[{"embeddable":true,"href":"https:\/\/treinamentolivre.com\/si\/cyber\/index.php?rest_route=\/wp\/v2\/users\/1"}],"replies":[{"embeddable":true,"href":"https:\/\/treinamentolivre.com\/si\/cyber\/index.php?rest_route=%2Fwp%2Fv2%2Fcomments&post=171"}],"version-history":[{"count":8,"href":"https:\/\/treinamentolivre.com\/si\/cyber\/index.php?rest_route=\/wp\/v2\/posts\/171\/revisions"}],"predecessor-version":[{"id":182,"href":"https:\/\/treinamentolivre.com\/si\/cyber\/index.php?rest_route=\/wp\/v2\/posts\/171\/revisions\/182"}],"wp:attachment":[{"href":"https:\/\/treinamentolivre.com\/si\/cyber\/index.php?rest_route=%2Fwp%2Fv2%2Fmedia&parent=171"}],"wp:term":[{"taxonomy":"category","embeddable":true,"href":"https:\/\/treinamentolivre.com\/si\/cyber\/index.php?rest_route=%2Fwp%2Fv2%2Fcategories&post=171"},{"taxonomy":"post_tag","embeddable":true,"href":"https:\/\/treinamentolivre.com\/si\/cyber\/index.php?rest_route=%2Fwp%2Fv2%2Ftags&post=171"}],"curies":[{"name":"wp","href":"https:\/\/api.w.org\/{rel}","templated":true}]}}