{"id":551,"date":"2024-08-18T12:09:26","date_gmt":"2024-08-18T15:09:26","guid":{"rendered":"https:\/\/treinamentolivre.com\/pc\/?p=551"},"modified":"2024-08-18T20:50:17","modified_gmt":"2024-08-18T23:50:17","slug":"ile06-06771-linguistica-iv","status":"publish","type":"post","link":"https:\/\/treinamentolivre.com\/pc\/?p=551","title":{"rendered":"LINGUISTICA IV &#8211; Aula 1"},"content":{"rendered":"\n<p>\u2022 <strong>O QUE ESTUDA A PSICOLINGU\u00cdSTICA ?<br><\/strong><\/p>\n\n\n\n<p>o Aquisi\u00e7\u00e3o, produ\u00e7\u00e3o e compreens\u00e3o da linguagem.<\/p>\n\n\n\n<p>o ChatGPT:<\/p>\n\n\n\n<p><br>A psicolingu\u00edstica \u00e9 o campo de estudo que investiga a rela\u00e7\u00e3o entre os processos mentais e a linguagem. Ela explora como as pessoas compreendem, produzem e adquirem a linguagem, bem como os processos cognitivos subjacentes a essas habilidades.<\/p>\n\n\n\n<p><strong>Os principais t\u00f3picos de estudo da psicolingu\u00edstica incluem:<\/strong><\/p>\n\n\n\n<ol class=\"wp-block-list\">\n<li>Aquisi\u00e7\u00e3o da Linguagem: Como as crian\u00e7as aprendem a falar e entender a linguagem, quais s\u00e3o as etapas desse processo, e como fatores biol\u00f3gicos e ambientais influenciam o desenvolvimento lingu\u00edstico.<\/li>\n\n\n\n<li>Processamento da Linguagem: Como o c\u00e9rebro processa a linguagem em tempo real, tanto na fala quanto na leitura e na escrita. Isso inclui a compreens\u00e3o de palavras, frases e textos, e a produ\u00e7\u00e3o de fala.<\/li>\n\n\n\n<li>Bilinguismo e Multilinguismo: Como as pessoas aprendem e utilizam m\u00faltiplas l\u00ednguas, e como essas l\u00ednguas interagem no c\u00e9rebro.<\/li>\n\n\n\n<li>Linguagem e Cogni\u00e7\u00e3o: Como a linguagem est\u00e1 relacionada a outros processos cognitivos, como a mem\u00f3ria, aten\u00e7\u00e3o e percep\u00e7\u00e3o. Por exemplo, como as palavras s\u00e3o armazenadas na mem\u00f3ria e como elas s\u00e3o recuperadas quando precisamos us\u00e1-las.<\/li>\n\n\n\n<li>Dist\u00farbios de Linguagem: Estudo de condi\u00e7\u00f5es como afasia, dislexia, e outros dist\u00farbios que afetam a capacidade de compreender ou produzir linguagem.<\/li>\n<\/ol>\n\n\n\n<p>A psicolingu\u00edstica \u00e9 interdisciplinar, combinando conhecimentos de lingu\u00edstica, psicologia, neuroci\u00eancia e ci\u00eancias cognitivas para entender melhor como a linguagem funciona no ser humano.<\/p>\n\n\n\n<p>\u2022 Para casa: Ler os textos 1,3,4,5 indicados no Google Classroom.<br><\/p>\n\n\n\n<p><strong>\u2022 O QUE \u00c9 LINGUAGEM ?<\/strong><\/p>\n\n\n\n<p><strong>(ChatGPT) :<\/strong><\/p>\n\n\n\n<p>o A linguagem \u00e9 um sistema complexo de comunica\u00e7\u00e3o usado para expressar pensamentos, sentimentos, ideias e informa\u00e7\u00f5es. Ela pode ser falada, escrita, sinalizada ou mesmo representada por s\u00edmbolos. A linguagem permite que os seres humanos compartilhem conhecimento, fa\u00e7am perguntas, transmitam cultura e criem la\u00e7os sociais.<\/p>\n\n\n\n<p>Caracter\u00edsticas principais da linguagem:<\/p>\n\n\n\n<ol class=\"wp-block-list\">\n<li>Simb\u00f3lica: A linguagem utiliza s\u00edmbolos (como palavras ou sinais) que representam conceitos, objetos ou a\u00e7\u00f5es. Esses s\u00edmbolos s\u00e3o arbitr\u00e1rios, o que significa que n\u00e3o h\u00e1 uma rela\u00e7\u00e3o intr\u00ednseca entre a forma do s\u00edmbolo e o que ele representa.<\/li>\n\n\n\n<li>Estrutural: A linguagem possui uma estrutura organizada em diferentes n\u00edveis, como fonemas (sons), morfemas (unidades de significado), palavras, frases e senten\u00e7as. A gram\u00e1tica \u00e9 o conjunto de regras que governa a combina\u00e7\u00e3o dessas unidades.<\/li>\n\n\n\n<li>Cultural: A linguagem \u00e9 influenciada pela cultura e, ao mesmo tempo, molda a cultura. Cada l\u00edngua reflete a vis\u00e3o de mundo e os valores de uma comunidade.<\/li>\n\n\n\n<li>Din\u00e2mica: A linguagem est\u00e1 em constante evolu\u00e7\u00e3o, com palavras novas sendo criadas, significados mudando e estruturas gramaticais se adaptando ao longo do tempo.<\/li>\n\n\n\n<li>Creativa: Os seres humanos podem gerar e compreender uma infinidade de novas frases e express\u00f5es, mesmo que nunca as tenham ouvido antes. Isso se deve \u00e0 capacidade criativa inerente \u00e0 linguagem.<\/li>\n<\/ol>\n\n\n\n<p>Fun\u00e7\u00f5es da linguagem:<\/p>\n\n\n\n<p>Comunica\u00e7\u00e3o: A principal fun\u00e7\u00e3o da linguagem \u00e9 permitir a comunica\u00e7\u00e3o entre indiv\u00edduos.<br>Express\u00e3o: A linguagem permite a express\u00e3o de pensamentos, emo\u00e7\u00f5es e identidade pessoal.<br>Cogni\u00e7\u00e3o: A linguagem \u00e9 fundamental para o pensamento, permitindo categorizar e organizar o mundo ao nosso redor.<br>Socializa\u00e7\u00e3o: A linguagem facilita a intera\u00e7\u00e3o social e a transmiss\u00e3o de normas e valores culturais.<\/p>\n\n\n\n<p>A linguagem \u00e9 uma das caracter\u00edsticas mais distintivas da esp\u00e9cie humana, desempenhando um papel central em praticamente todas as atividades humanas.<\/p>\n\n\n\n<p><strong>\u2022 (ChatGPT) COMO SE D\u00c1 A AQUISI\u00c7\u00c3O DA LINGUAGEM ?<\/strong><\/p>\n\n\n\n<p><br>A aquisi\u00e7\u00e3o da linguagem \u00e9 o processo pelo qual os seres humanos aprendem a entender, produzir e usar a linguagem para se comunicar. Esse processo come\u00e7a desde o nascimento e envolve uma complexa intera\u00e7\u00e3o de fatores biol\u00f3gicos, cognitivos, sociais e ambientais. Aqui est\u00e1 uma vis\u00e3o geral de como se d\u00e1 a aquisi\u00e7\u00e3o da linguagem:<\/p>\n\n\n\n<ol class=\"wp-block-list\">\n<li>Fatores Biol\u00f3gicos e Inatos<\/li>\n<\/ol>\n\n\n\n<p>Capacidade Inata: A maioria dos pesquisadores concorda que os seres humanos nascem com uma capacidade inata para adquirir linguagem, conhecida como faculdade da linguagem. Essa ideia \u00e9 sustentada pela observa\u00e7\u00e3o de que todas as crian\u00e7as, independentemente da cultura ou l\u00edngua, passam por est\u00e1gios semelhantes de desenvolvimento lingu\u00edstico.<\/p>\n\n\n\n<p>Per\u00edodo Cr\u00edtico: Existe uma janela de tempo, chamada de per\u00edodo cr\u00edtico, durante a qual a aquisi\u00e7\u00e3o da linguagem ocorre mais facilmente. Essa janela geralmente se estende at\u00e9 a puberdade, e ap\u00f3s esse per\u00edodo, aprender uma l\u00edngua pode ser mais dif\u00edcil.<\/p>\n\n\n\n<ol start=\"2\" class=\"wp-block-list\">\n<li>Est\u00e1gios da Aquisi\u00e7\u00e3o da Linguagem<\/li>\n<\/ol>\n\n\n\n<p>Fase Pr\u00e9-lingu\u00edstica (0-12 meses): Nos primeiros meses de vida, os beb\u00eas come\u00e7am a distinguir sons e vozes. Eles experimentam diferentes sons com balbucios, e por volta dos 6 meses, come\u00e7am a emitir sons espec\u00edficos que s\u00e3o comuns na l\u00edngua ao redor.<\/p>\n\n\n\n<p>Primeiras Palavras (12-18 meses): Por volta de um ano de idade, as crian\u00e7as come\u00e7am a produzir suas primeiras palavras. Essas palavras geralmente t\u00eam significado pr\u00e1tico, como &#8220;mam\u00e3e&#8221; ou &#8220;\u00e1gua&#8221;.<\/p>\n\n\n\n<p>Fase Holofr\u00e1sica: As crian\u00e7as come\u00e7am a usar palavras isoladas para expressar ideias completas, como &#8220;leite&#8221; para dizer &#8220;quero leite&#8221;.<\/p>\n\n\n\n<p>Frases de Duas Palavras (18-24 meses): As crian\u00e7as come\u00e7am a combinar duas palavras para formar frases simples, como &#8220;mais bolo&#8221; ou &#8220;papai foi&#8221;.<\/p>\n\n\n\n<p>Explos\u00e3o do Vocabul\u00e1rio: A partir dos dois anos, h\u00e1 um r\u00e1pido aumento no vocabul\u00e1rio da crian\u00e7a, que come\u00e7a a formar frases mais complexas e entender as regras gramaticais b\u00e1sicas.<\/p>\n\n\n\n<p>Aquisi\u00e7\u00e3o Completa da Gram\u00e1tica (3-5 anos): Por volta dos 3 a 5 anos, as crian\u00e7as j\u00e1 conseguem formar frases completas e come\u00e7am a dominar a estrutura gramatical de sua l\u00edngua materna.<\/p>\n\n\n\n<ol start=\"3\" class=\"wp-block-list\">\n<li>Fatores Sociais e Ambientais<\/li>\n<\/ol>\n\n\n\n<p>Intera\u00e7\u00e3o Social: A intera\u00e7\u00e3o com os pais, cuidadores e outras pessoas desempenha um papel crucial na aquisi\u00e7\u00e3o da linguagem. A fala dirigida \u00e0 crian\u00e7a, conhecida como fala maternal, \u00e9 muitas vezes mais lenta, repetitiva e enfatiza palavras e frases curtas, ajudando a crian\u00e7a a aprender.<\/p>\n\n\n\n<p>Input Lingu\u00edstico: A quantidade e a qualidade da linguagem a que a crian\u00e7a \u00e9 exposta influenciam o ritmo e a precis\u00e3o da aquisi\u00e7\u00e3o da linguagem. Crian\u00e7as expostas a uma linguagem rica e variada tendem a desenvolver habilidades lingu\u00edsticas mais rapidamente.<\/p>\n\n\n\n<p>Bilinguismo: Crian\u00e7as expostas a mais de uma l\u00edngua desde cedo podem adquirir ambas as l\u00ednguas simultaneamente. Elas podem misturar as l\u00ednguas no in\u00edcio, mas com o tempo, desenvolvem compet\u00eancia em ambas.<\/p>\n\n\n\n<ol start=\"4\" class=\"wp-block-list\">\n<li>Teorias da Aquisi\u00e7\u00e3o da Linguagem<\/li>\n<\/ol>\n\n\n\n<p>Teoria Inatista (Noam Chomsky): Sugere que as crian\u00e7as nascem com um dispositivo de aquisi\u00e7\u00e3o da linguagem (LAD), uma estrutura inata no c\u00e9rebro que facilita a aprendizagem da l\u00edngua.<\/p>\n\n\n\n<p>Teoria do Comportamento (B.F. Skinner): Enfatiza o papel do ambiente e da aprendizagem por refor\u00e7o, onde as crian\u00e7as aprendem a linguagem por meio de imita\u00e7\u00e3o e refor\u00e7o positivo.<\/p>\n\n\n\n<p>Teoria Interacionista: Combina elementos das teorias inatista e comportamental, sugerindo que tanto fatores biol\u00f3gicos quanto a intera\u00e7\u00e3o social s\u00e3o essenciais para a aquisi\u00e7\u00e3o da linguagem.<\/p>\n\n\n\n<ol start=\"5\" class=\"wp-block-list\">\n<li>Aquisi\u00e7\u00e3o da Linguagem Gestual ou Sinalizada<\/li>\n<\/ol>\n\n\n\n<p>Para crian\u00e7as surdas ou que utilizam l\u00ednguas gestuais, a aquisi\u00e7\u00e3o da linguagem ocorre de maneira semelhante \u00e0 das crian\u00e7as ouvintes. Elas passam por est\u00e1gios equivalentes de desenvolvimento, come\u00e7ando com balbucios manuais e progredindo para sinais completos, aprendendo as regras gramaticais da l\u00edngua gestual ou sinalizada de sua comunidade.<\/p>\n\n\n\n<ul class=\"wp-block-list\">\n<li><strong>(CHATGPT) O QUE \u00c9 MAIS IMPORTANTE NA AQUISI\u00c7\u00c3O DA LINGUAGEM: O ASPECTO COGNITIVO OU O SOCIAL ?<\/strong><\/li>\n<\/ul>\n\n\n\n<p>A aquisi\u00e7\u00e3o da linguagem \u00e9 um processo complexo que envolve tanto aspectos cognitivos quanto sociais, e ambos s\u00e3o fundamentais, mas em diferentes maneiras. A import\u00e2ncia relativa de cada um pode depender do enfoque te\u00f3rico, mas na pr\u00e1tica, \u00e9 a intera\u00e7\u00e3o entre esses dois aspectos que permite o desenvolvimento pleno da linguagem.<\/p>\n\n\n\n<p>Aspecto Cognitivo<\/p>\n\n\n\n<p>Capacidade Inata: O aspecto cognitivo refere-se \u00e0s habilidades inatas e ao desenvolvimento mental que permitem a crian\u00e7a entender e produzir linguagem. Teorias como a inatista, proposta por Noam Chomsky, sugerem que os seres humanos nascem com uma &#8220;gram\u00e1tica universal&#8221; ou uma predisposi\u00e7\u00e3o biol\u00f3gica para a linguagem. Este aspecto inclui:<\/p>\n\n\n\n<p>Percep\u00e7\u00e3o e Discrimina\u00e7\u00e3o de Sons: Desde muito cedo, os beb\u00eas t\u00eam a capacidade de distinguir entre diferentes sons da fala, o que \u00e9 crucial para aprender palavras e estruturas lingu\u00edsticas.<\/p>\n\n\n\n<p>Mem\u00f3ria e Aprendizado: A mem\u00f3ria de trabalho e a capacidade de formar associa\u00e7\u00f5es s\u00e3o fundamentais para o aprendizado de vocabul\u00e1rio e regras gramaticais.<\/p>\n\n\n\n<p>Processamento de Informa\u00e7\u00e3o: A capacidade de processar e compreender a linguagem em tempo real, mesmo que complexa, \u00e9 parte essencial do aspecto cognitivo.<\/p>\n\n\n\n<p>Aspecto Social<\/p>\n\n\n\n<p>Intera\u00e7\u00e3o e Imita\u00e7\u00e3o: O aspecto social refere-se \u00e0 import\u00e2ncia do ambiente e da intera\u00e7\u00e3o com outros falantes na aquisi\u00e7\u00e3o da linguagem. A linguagem \u00e9 uma ferramenta social, e a comunica\u00e7\u00e3o com outras pessoas \u00e9 essencial para o aprendizado lingu\u00edstico. Este aspecto inclui:<\/p>\n\n\n\n<p>Input Lingu\u00edstico: A quantidade e qualidade da linguagem a que a crian\u00e7a \u00e9 exposta influenciam seu desenvolvimento lingu\u00edstico. Crian\u00e7as que interagem com adultos que falam muito e de forma rica tendem a desenvolver melhor suas habilidades lingu\u00edsticas.<\/p>\n\n\n\n<p>Fala Dirigida \u00e0 Crian\u00e7a: Os adultos muitas vezes ajustam sua fala ao conversar com crian\u00e7as, usando frases mais simples, repetitivas e entona\u00e7\u00e3o exagerada. Isso ajuda a crian\u00e7a a entender e aprender a linguagem.<\/p>\n\n\n\n<p>Imita\u00e7\u00e3o e Pr\u00e1tica: As crian\u00e7as aprendem muito por imita\u00e7\u00e3o. Ao ouvir e tentar reproduzir a linguagem que ouvem, elas aprendem as regras e padr\u00f5es de sua l\u00edngua materna.<\/p>\n\n\n\n<p>Contexto Social e Cultural: A linguagem \u00e9 tamb\u00e9m moldada pela cultura e pelo contexto social. Diferentes culturas t\u00eam diferentes pr\u00e1ticas lingu\u00edsticas, que influenciam como e o que as crian\u00e7as aprendem.<\/p>\n\n\n\n<p>Intera\u00e7\u00e3o entre Cognitivo e Social<\/p>\n\n\n\n<p>Ambos s\u00e3o Cruciais: Na realidade, os aspectos cognitivos e sociais n\u00e3o atuam isoladamente; eles se complementam. A capacidade inata de processar linguagem (aspecto cognitivo) precisa ser estimulada atrav\u00e9s da intera\u00e7\u00e3o social. Da mesma forma, a intera\u00e7\u00e3o social s\u00f3 \u00e9 eficaz se a crian\u00e7a tiver as capacidades cognitivas para processar e aprender com essa intera\u00e7\u00e3o.<\/p>\n\n\n\n<p>Teoria Interacionista: A teoria interacionista argumenta que tanto os fatores biol\u00f3gicos (cognitivos) quanto os sociais s\u00e3o essenciais e se refor\u00e7am mutuamente. A crian\u00e7a tem uma predisposi\u00e7\u00e3o cognitiva para aprender a linguagem, mas precisa da intera\u00e7\u00e3o social para ativar e desenvolver essa habilidade.<\/p>\n\n\n\n<p>Conclus\u00e3o<\/p>\n\n\n\n<p>\u00c9 dif\u00edcil dizer que um aspecto seja &#8220;mais importante&#8221; do que o outro na aquisi\u00e7\u00e3o da linguagem. O aspecto cognitivo proporciona as bases e capacidades necess\u00e1rias para a linguagem, enquanto o aspecto social oferece o ambiente e o est\u00edmulo necess\u00e1rios para que essas capacidades se desenvolvam plenamente. Portanto, a aquisi\u00e7\u00e3o da linguagem \u00e9 um processo onde o cognitivo e o social s\u00e3o igualmente importantes e interdependentes.<\/p>\n\n\n\n<p><\/p>\n\n\n\n<ul class=\"wp-block-list\">\n<li><strong>(CHATGPT) VOC\u00ca DISSE: &#8220;A IMPORT\u00c2NCIA RELATIVA DE CADA UM PODE DEPENDER DO ENFOQUE TE\u00d3RICO, MAS NA PR\u00c1TICA, \u00c9 A INTERA\u00c7\u00c3O ENTRE ESSES DOIS ASPECTOS QUE PERMITE O DESENVOLVIMENTO PLENO DA LINGUAGEM.&#8221; &#8211; CITE 5 AUTORES QUE DIZEM ISSO.<\/strong><\/li>\n<\/ul>\n\n\n\n<p>A ideia de que a aquisi\u00e7\u00e3o da linguagem resulta da intera\u00e7\u00e3o entre aspectos cognitivos e sociais \u00e9 uma posi\u00e7\u00e3o defendida por v\u00e1rios te\u00f3ricos e pesquisadores em psicolingu\u00edstica e desenvolvimento infantil. Aqui est\u00e3o cinco autores que abordam essa intera\u00e7\u00e3o:<\/p>\n\n\n\n<ol class=\"wp-block-list\">\n<li>Lev Vygotsky &#8211; Vygotsky \u00e9 um dos principais te\u00f3ricos que enfatiza a intera\u00e7\u00e3o entre o social e o cognitivo no desenvolvimento da linguagem. Em sua teoria sociocultural, ele prop\u00f4s que o desenvolvimento cognitivo ocorre atrav\u00e9s da intera\u00e7\u00e3o social, com a linguagem desempenhando um papel crucial como ferramenta de media\u00e7\u00e3o.<\/li>\n\n\n\n<li>Jerome Bruner &#8211; Bruner desenvolveu a ideia do &#8220;andaime&#8221; (scaffolding), onde adultos ou pessoas mais experientes ajudam a crian\u00e7a a desenvolver habilidades cognitivas e lingu\u00edsticas atrav\u00e9s da intera\u00e7\u00e3o social. Ele defendeu que a aquisi\u00e7\u00e3o da linguagem \u00e9 facilitada por essa intera\u00e7\u00e3o, que guia a crian\u00e7a a um entendimento mais profundo.<\/li>\n\n\n\n<li>Michael Tomasello &#8211; Tomasello \u00e9 um defensor da abordagem interacionista, argumentando que a linguagem \u00e9 adquirida atrav\u00e9s da inten\u00e7\u00e3o compartilhada e da intera\u00e7\u00e3o social. Em seus trabalhos, ele explora como as capacidades cognitivas inatas se desenvolvem e s\u00e3o moldadas pela experi\u00eancia social.<\/li>\n\n\n\n<li>Jean Piaget &#8211; Embora Piaget seja mais conhecido por seu foco no desenvolvimento cognitivo, ele reconheceu que a linguagem e o desenvolvimento cognitivo s\u00e3o influenciados pelas intera\u00e7\u00f5es sociais. Para Piaget, as intera\u00e7\u00f5es com o meio social e os pares desempenham um papel crucial no desenvolvimento das estruturas cognitivas que suportam a linguagem.<\/li>\n\n\n\n<li>Elizabeth Bates &#8211; Bates, cofundadora do campo do processamento da linguagem em tempo real, \u00e9 conhecida por sua teoria do desenvolvimento baseada em sistemas din\u00e2micos, que enfatiza a import\u00e2ncia tanto das capacidades cognitivas inatas quanto do input social e ambiental no desenvolvimento da linguagem.<\/li>\n<\/ol>\n\n\n\n<p>Esses autores, cada um com sua abordagem te\u00f3rica distinta, concordam que a aquisi\u00e7\u00e3o da linguagem \u00e9 um processo que envolve a intera\u00e7\u00e3o entre aspectos cognitivos e sociais, sublinhando a import\u00e2ncia de ambos para o desenvolvimento pleno da linguagem.<\/p>\n\n\n\n<ul class=\"wp-block-list\">\n<li><strong>(CHATGPT) PARA MARCOS BAGNO, O QUE \u00c9 L\u00cdNGUA ?<\/strong><\/li>\n<\/ul>\n\n\n\n<p>Marcos Bagno, linguista e escritor brasileiro, tem uma vis\u00e3o sociocultural da l\u00edngua, destacando-a como um fen\u00f4meno social, din\u00e2mico e plural. Para Bagno, a l\u00edngua n\u00e3o \u00e9 apenas um conjunto de regras gramaticais fixas, mas uma pr\u00e1tica viva, que varia e se adapta conforme os contextos sociais e culturais em que \u00e9 utilizada.<\/p>\n\n\n\n<p>Principais ideias de Marcos Bagno sobre l\u00edngua:<\/p>\n\n\n\n<ol class=\"wp-block-list\">\n<li>Fen\u00f4meno Social e Cultural:<\/li>\n<\/ol>\n\n\n\n<p>Bagno enfatiza que a l\u00edngua \u00e9 um produto da sociedade e da cultura, refletindo as condi\u00e7\u00f5es hist\u00f3ricas, sociais e culturais de seus falantes. Ele critica a vis\u00e3o prescritiva da gram\u00e1tica, que tenta impor um &#8220;uso correto&#8221; da l\u00edngua, desconsiderando a diversidade lingu\u00edstica existente.<\/p>\n\n\n\n<ol start=\"2\" class=\"wp-block-list\">\n<li>Pluralidade e Diversidade:<\/li>\n<\/ol>\n\n\n\n<p>Para Bagno, a l\u00edngua \u00e9 intrinsecamente diversa. Ele argumenta que existem m\u00faltiplas variedades de uma l\u00edngua (como dialetos, socioletos, registros), todas igualmente v\u00e1lidas, e que nenhuma deve ser considerada superior \u00e0s outras. Essa vis\u00e3o \u00e9 central em seu combate ao preconceito lingu\u00edstico.<\/p>\n\n\n\n<ol start=\"3\" class=\"wp-block-list\">\n<li>Din\u00e2mica e Mut\u00e1vel:<\/li>\n<\/ol>\n\n\n\n<p>Bagno v\u00ea a l\u00edngua como algo din\u00e2mico, em constante mudan\u00e7a e adapta\u00e7\u00e3o. Ele ressalta que as l\u00ednguas evoluem com o tempo, acompanhando as transforma\u00e7\u00f5es sociais e culturais. Assim, o que \u00e9 considerado &#8220;correto&#8221; ou &#8220;padr\u00e3o&#8221; em uma l\u00edngua pode mudar conforme a sociedade muda.<\/p>\n\n\n\n<ol start=\"4\" class=\"wp-block-list\">\n<li>Instrumento de Poder e Exclus\u00e3o:<\/li>\n<\/ol>\n\n\n\n<p>Bagno tamb\u00e9m destaca o papel da l\u00edngua como instrumento de poder, muitas vezes usado para excluir ou marginalizar certos grupos sociais. Ele critica a imposi\u00e7\u00e3o de um &#8220;portugu\u00eas padr\u00e3o&#8221; como \u00fanica forma leg\u00edtima de falar ou escrever, defendendo o reconhecimento e valoriza\u00e7\u00e3o das diversas formas de express\u00e3o lingu\u00edstica.<\/p>\n\n\n\n<ol start=\"5\" class=\"wp-block-list\">\n<li>Critica ao Preconceito Lingu\u00edstico:<\/li>\n<\/ol>\n\n\n\n<p>Um dos pontos centrais no trabalho de Bagno \u00e9 a cr\u00edtica ao preconceito lingu\u00edstico, que ele define como a discrimina\u00e7\u00e3o contra pessoas ou grupos com base em seu modo de falar. Ele argumenta que esse preconceito \u00e9 uma forma de manter desigualdades sociais e que a educa\u00e7\u00e3o lingu\u00edstica deve promover a valoriza\u00e7\u00e3o da diversidade lingu\u00edstica.<\/p>\n\n\n\n<p>Em resumo, para Marcos Bagno, a l\u00edngua \u00e9 um fen\u00f4meno social din\u00e2mico, plural e profundamente interligado com quest\u00f5es de poder e identidade. Ele defende uma abordagem mais inclusiva e democr\u00e1tica da l\u00edngua, que reconhe\u00e7a e valorize a diversidade lingu\u00edstica existente na sociedade.<\/p>\n\n\n\n<p>\u2022 <strong>Observa\u00e7\u00f5es sobre a l\u00edngua:<\/strong><\/p>\n\n\n\n<p>o \u00c9 um conjunto de representa\u00e7\u00f5es simb\u00f3licas com as seguintes caracter\u00edsticas:<\/p>\n\n\n\n<ol class=\"wp-block-list\">\n<li>Compartilhado<\/li>\n\n\n\n<li>Intera\u00e7\u00e3o e integra\u00e7\u00e3o social<\/li>\n\n\n\n<li>Fonomorfosintaxe<\/li>\n\n\n\n<li>Coevolui<\/li>\n\n\n\n<li>Repert\u00f3rio de sons e sinais<\/li>\n<\/ol>\n\n\n\n<ul class=\"wp-block-list\">\n<li><strong>TEXTOS RECOMENDADOS:<\/strong><\/li>\n<\/ul>\n\n\n\n<ul class=\"wp-block-list\">\n<li>Grolla et ali: \u201c<a href=\"https:\/\/drive.google.com\/file\/d\/148rz6ZJ-bN0hjrpp4SYQK_UqdQxmydzI\/view?usp=drive_link\">Para conhecer: \u201cAquisi\u00e7\u00e3o da linguagem<\/a>\u201d.<\/li>\n\n\n\n<li>Marcilese: &#8220;<a href=\"https:\/\/drive.google.com\/file\/d\/1VkICQTGHXvTMLKuuw9y1yFZVBucBqxsY\/view?usp=drive_link\">Aquisi\u00e7\u00e3o da Linguagem<\/a>&#8220;<\/li>\n\n\n\n<li>Leit\u00e3o: \u201c<a href=\"https:\/\/drive.google.com\/file\/d\/10lYQp4Ua07RVaCCr0u_Lp7PSombop3pk\/view?usp=drive_link\">Psicolingu\u00edstica Experimental<\/a>\u201d<\/li>\n\n\n\n<li>Maia: \u201c<a href=\"https:\/\/drive.google.com\/file\/d\/1uAFssTmRpyqcM_XImG9umdRA9VhC75by\/view?usp=drive_link\">Psicolinguistica-psicolinguisticas<\/a>\u201d<\/li>\n\n\n\n<li>Fran\u00e7a: \u201c<a href=\"https:\/\/drive.google.com\/file\/d\/1r_hai2l3UzC9z7sztOWylyGbm19WI5fA\/view?usp=drive_link\">Neurolinguistica<\/a>\u2019 in Ciencia Hoje, 2005.<\/li>\n<\/ul>\n\n\n\n<p><\/p>\n","protected":false},"excerpt":{"rendered":"<p>\u2022 O QUE ESTUDA A PSICOLINGU\u00cdSTICA ? o Aquisi\u00e7\u00e3o, produ\u00e7\u00e3o e compreens\u00e3o da linguagem. o ChatGPT: A psicolingu\u00edstica \u00e9 o campo de estudo que investiga a rela\u00e7\u00e3o entre os processos&#8230;<\/p>\n<div class=\"more-link-wrapper\"><a class=\"more-link\" href=\"https:\/\/treinamentolivre.com\/pc\/?p=551\">Continuar a ler&#8230;<span class=\"screen-reader-text\">LINGUISTICA IV &#8211; Aula 1<\/span><\/a><\/div>\n","protected":false},"author":1,"featured_media":0,"comment_status":"open","ping_status":"open","sticky":false,"template":"","format":"standard","meta":{"footnotes":""},"categories":[1],"tags":[],"class_list":["post-551","post","type-post","status-publish","format-standard","hentry","category-sem-categoria","excerpt"],"_links":{"self":[{"href":"https:\/\/treinamentolivre.com\/pc\/index.php?rest_route=\/wp\/v2\/posts\/551","targetHints":{"allow":["GET"]}}],"collection":[{"href":"https:\/\/treinamentolivre.com\/pc\/index.php?rest_route=\/wp\/v2\/posts"}],"about":[{"href":"https:\/\/treinamentolivre.com\/pc\/index.php?rest_route=\/wp\/v2\/types\/post"}],"author":[{"embeddable":true,"href":"https:\/\/treinamentolivre.com\/pc\/index.php?rest_route=\/wp\/v2\/users\/1"}],"replies":[{"embeddable":true,"href":"https:\/\/treinamentolivre.com\/pc\/index.php?rest_route=%2Fwp%2Fv2%2Fcomments&post=551"}],"version-history":[{"count":13,"href":"https:\/\/treinamentolivre.com\/pc\/index.php?rest_route=\/wp\/v2\/posts\/551\/revisions"}],"predecessor-version":[{"id":602,"href":"https:\/\/treinamentolivre.com\/pc\/index.php?rest_route=\/wp\/v2\/posts\/551\/revisions\/602"}],"wp:attachment":[{"href":"https:\/\/treinamentolivre.com\/pc\/index.php?rest_route=%2Fwp%2Fv2%2Fmedia&parent=551"}],"wp:term":[{"taxonomy":"category","embeddable":true,"href":"https:\/\/treinamentolivre.com\/pc\/index.php?rest_route=%2Fwp%2Fv2%2Fcategories&post=551"},{"taxonomy":"post_tag","embeddable":true,"href":"https:\/\/treinamentolivre.com\/pc\/index.php?rest_route=%2Fwp%2Fv2%2Ftags&post=551"}],"curies":[{"name":"wp","href":"https:\/\/api.w.org\/{rel}","templated":true}]}}