{"id":125,"date":"2020-07-05T21:05:52","date_gmt":"2020-07-06T00:05:52","guid":{"rendered":"http:\/\/treinamentolivre.com\/?p=125"},"modified":"2020-07-05T21:17:12","modified_gmt":"2020-07-06T00:17:12","slug":"saude-mental-de-magistrados-as-e-servidores-as-no-contexto-da-pandemia-da-covid-19","status":"publish","type":"post","link":"https:\/\/treinamentolivre.com\/?p=125","title":{"rendered":"Sa\u00fade Mental De Magistrados\/As E Servidores\/As No Contexto Da Pandemia Da Covid-19"},"content":{"rendered":"\n<p>O Comit\u00ea Gestor Nacional de Aten\u00e7\u00e3o Integral \u00e0 Sa\u00fade de Magistrados e Servidores do Poder Judici\u00e1rio, no uso de suas atribui\u00e7\u00f5es previstas na Portaria n\u00ba 06\/2016 do Conselho Nacional de Justi\u00e7a, solicita sua participa\u00e7\u00e3o na pesquisa \u201cSa\u00fade Mental de magistrados e servidores no contexto da pandemia da COVID-19\u201d.<\/p>\n\n\n\n<p>Este question\u00e1rio se destina a magistrados\/as e servidores\/as do Poder Judici\u00e1rio e tem como objetivo identificar poss\u00edveis fatores de risco \u00e0 sa\u00fade mental considerando o atual contexto da pandemia da COVID-19, bem como situa\u00e7\u00f5es de isolamento ou confinamento social a que se veem submetidos, como forma de preven\u00e7\u00e3o ou conten\u00e7\u00e3o do cont\u00e1gio.<\/p>\n\n\n\n<p>[ <a href=\"https:\/\/www.cnj.jus.br\/formularios\/saude-mental-pandemia\" target=\"_blank\" rel=\"noreferrer noopener\">Leia mais<\/a> ]<\/p>\n","protected":false},"excerpt":{"rendered":"<p>O Comit\u00ea Gestor Nacional de Aten\u00e7\u00e3o Integral \u00e0 Sa\u00fade de Magistrados e Servidores do Poder Judici\u00e1rio, no uso de suas atribui\u00e7\u00f5es previstas na Portaria n\u00ba 06\/2016 do Conselho Nacional de Justi\u00e7a, solicita sua participa\u00e7\u00e3o na pesquisa \u201cSa\u00fade Mental de magistrados e servidores no contexto da pandemia da COVID-19\u201d. Este question\u00e1rio se destina a magistrados\/as e &hellip; <\/p>\n<p class=\"link-more\"><a href=\"https:\/\/treinamentolivre.com\/?p=125\" class=\"more-link\">Continue lendo<span class=\"screen-reader-text\"> &#8220;Sa\u00fade Mental De Magistrados\/As E Servidores\/As No Contexto Da Pandemia Da Covid-19&#8221;<\/span><\/a><\/p>\n","protected":false},"author":1,"featured_media":0,"comment_status":"open","ping_status":"open","sticky":false,"template":"","format":"standard","meta":{"footnotes":""},"categories":[1],"tags":[],"class_list":["post-125","post","type-post","status-publish","format-standard","hentry","category-sem-categoria"],"_links":{"self":[{"href":"https:\/\/treinamentolivre.com\/index.php?rest_route=\/wp\/v2\/posts\/125","targetHints":{"allow":["GET"]}}],"collection":[{"href":"https:\/\/treinamentolivre.com\/index.php?rest_route=\/wp\/v2\/posts"}],"about":[{"href":"https:\/\/treinamentolivre.com\/index.php?rest_route=\/wp\/v2\/types\/post"}],"author":[{"embeddable":true,"href":"https:\/\/treinamentolivre.com\/index.php?rest_route=\/wp\/v2\/users\/1"}],"replies":[{"embeddable":true,"href":"https:\/\/treinamentolivre.com\/index.php?rest_route=%2Fwp%2Fv2%2Fcomments&post=125"}],"version-history":[{"count":2,"href":"https:\/\/treinamentolivre.com\/index.php?rest_route=\/wp\/v2\/posts\/125\/revisions"}],"predecessor-version":[{"id":131,"href":"https:\/\/treinamentolivre.com\/index.php?rest_route=\/wp\/v2\/posts\/125\/revisions\/131"}],"wp:attachment":[{"href":"https:\/\/treinamentolivre.com\/index.php?rest_route=%2Fwp%2Fv2%2Fmedia&parent=125"}],"wp:term":[{"taxonomy":"category","embeddable":true,"href":"https:\/\/treinamentolivre.com\/index.php?rest_route=%2Fwp%2Fv2%2Fcategories&post=125"},{"taxonomy":"post_tag","embeddable":true,"href":"https:\/\/treinamentolivre.com\/index.php?rest_route=%2Fwp%2Fv2%2Ftags&post=125"}],"curies":[{"name":"wp","href":"https:\/\/api.w.org\/{rel}","templated":true}]}}