{"id":274,"date":"2024-04-19T18:06:11","date_gmt":"2024-04-19T21:06:11","guid":{"rendered":"https:\/\/treinamentolivre.com\/coder\/?p=274"},"modified":"2024-11-18T19:31:04","modified_gmt":"2024-11-18T22:31:04","slug":"impa-tech-e-gol-de-bicicleta-diz-lula-na-inauguracao","status":"publish","type":"post","link":"https:\/\/treinamentolivre.com\/coder\/?p=274","title":{"rendered":"IMPA Tech \u00e9 \u2018gol de bicicleta\u2019, diz Lula, na inaugura\u00e7\u00e3o."},"content":{"rendered":"\n<blockquote class=\"wp-block-quote is-layout-flow wp-block-quote-is-layout-flow\">\n<p><br><\/p>\n\n\n\n<p>IMPA 02\/04\/2024<\/p>\n<\/blockquote>\n\n\n\n<figure class=\"wp-block-image size-large\"><img loading=\"lazy\" decoding=\"async\" width=\"1024\" height=\"768\" src=\"https:\/\/treinamentolivre.com\/coder\/wp-content\/uploads\/2024\/04\/Imagem-do-WhatsApp-de-2024-04-02-as-13.19.28_7d59cf23-1536x1152-1-1024x768.jpg\" alt=\"\" class=\"wp-image-277\" srcset=\"https:\/\/treinamentolivre.com\/coder\/wp-content\/uploads\/2024\/04\/Imagem-do-WhatsApp-de-2024-04-02-as-13.19.28_7d59cf23-1536x1152-1-1024x768.jpg 1024w, https:\/\/treinamentolivre.com\/coder\/wp-content\/uploads\/2024\/04\/Imagem-do-WhatsApp-de-2024-04-02-as-13.19.28_7d59cf23-1536x1152-1-300x225.jpg 300w, https:\/\/treinamentolivre.com\/coder\/wp-content\/uploads\/2024\/04\/Imagem-do-WhatsApp-de-2024-04-02-as-13.19.28_7d59cf23-1536x1152-1-768x576.jpg 768w, https:\/\/treinamentolivre.com\/coder\/wp-content\/uploads\/2024\/04\/Imagem-do-WhatsApp-de-2024-04-02-as-13.19.28_7d59cf23-1536x1152-1-1320x990.jpg 1320w, https:\/\/treinamentolivre.com\/coder\/wp-content\/uploads\/2024\/04\/Imagem-do-WhatsApp-de-2024-04-02-as-13.19.28_7d59cf23-1536x1152-1-600x450.jpg 600w, https:\/\/treinamentolivre.com\/coder\/wp-content\/uploads\/2024\/04\/Imagem-do-WhatsApp-de-2024-04-02-as-13.19.28_7d59cf23-1536x1152-1.jpg 1536w\" sizes=\"auto, (max-width: 1024px) 100vw, 1024px\" \/><\/figure>\n\n\n\n<p>O presidente Luiz In\u00e1cio Lula da Silva e o prefeito Eduardo Paes inauguraram nesta ter\u00e7a-feira (2) o IMPA Tech, primeiro curso de gradua\u00e7\u00e3o do IMPA (Instituto de Matem\u00e1tica Pura e Aplicada). Ao lado do ministro da Educa\u00e7\u00e3o, Camilo Santana, e da ministra da Ci\u00eancia, Tecnologia e Inova\u00e7\u00e3o, Luciana Santos, o presidente celebrou o in\u00edcio do ano letivo do bacharelado em Matem\u00e1tica da Tecnologia e da Inova\u00e7\u00e3o.<\/p>\n\n\n\n<p>\u201cEduca\u00e7\u00e3o n\u00e3o \u00e9 um privil\u00e9gio para ricos. \u00c9 um direito de todos. N\u00e3o \u00e9 gasto, \u00e9 investimento. N\u00f3s queremos que nossos jovens estudem aqui, sejam mestres aqui e doutores aqui. Hoje, n\u00f3s estamos marcando um \u2018gol de bicicleta\u2019 no Rio de Janeiro. O mundo precisa de educa\u00e7\u00e3o\u201d, disse o presidente.<\/p>\n\n\n\n<p>Localizado estrategicamente no Porto Maravalley, hub de inova\u00e7\u00e3o da cidade, e instalado em uma sede completamente reformada pela prefeitura do Rio, os alunos estudar\u00e3o em um ambiente cercado de startups e empresas de tecnologia, contribuindo para o desenvolvimento de novas tecnologias. Segundo o diretor-geral do IMPA, Marcelo Viana, \u201cn\u00e3o \u00e9 uma gradua\u00e7\u00e3o qualquer\u201d.<\/p>\n\n\n\n<figure class=\"wp-block-image size-large\"><img loading=\"lazy\" decoding=\"async\" width=\"1024\" height=\"768\" src=\"https:\/\/treinamentolivre.com\/coder\/wp-content\/uploads\/2024\/04\/Imagem-do-WhatsApp-de-2024-04-02-as-13.19.34_fbc3804a-1536x1152-1-1024x768.jpg\" alt=\"\" class=\"wp-image-280\" srcset=\"https:\/\/treinamentolivre.com\/coder\/wp-content\/uploads\/2024\/04\/Imagem-do-WhatsApp-de-2024-04-02-as-13.19.34_fbc3804a-1536x1152-1-1024x768.jpg 1024w, https:\/\/treinamentolivre.com\/coder\/wp-content\/uploads\/2024\/04\/Imagem-do-WhatsApp-de-2024-04-02-as-13.19.34_fbc3804a-1536x1152-1-300x225.jpg 300w, https:\/\/treinamentolivre.com\/coder\/wp-content\/uploads\/2024\/04\/Imagem-do-WhatsApp-de-2024-04-02-as-13.19.34_fbc3804a-1536x1152-1-768x576.jpg 768w, https:\/\/treinamentolivre.com\/coder\/wp-content\/uploads\/2024\/04\/Imagem-do-WhatsApp-de-2024-04-02-as-13.19.34_fbc3804a-1536x1152-1-1320x990.jpg 1320w, https:\/\/treinamentolivre.com\/coder\/wp-content\/uploads\/2024\/04\/Imagem-do-WhatsApp-de-2024-04-02-as-13.19.34_fbc3804a-1536x1152-1-600x450.jpg 600w, https:\/\/treinamentolivre.com\/coder\/wp-content\/uploads\/2024\/04\/Imagem-do-WhatsApp-de-2024-04-02-as-13.19.34_fbc3804a-1536x1152-1.jpg 1536w\" sizes=\"auto, (max-width: 1024px) 100vw, 1024px\" \/><\/figure>\n\n\n\n<p><\/p>\n\n\n\n<p>\u201cInserida neste espa\u00e7o de inova\u00e7\u00e3o, vai formar jovens em alto n\u00edvel para a atua\u00e7\u00e3o pr\u00e1tica na resolu\u00e7\u00e3o dos problemas do Brasil, suas empresas e suas autoridades. Para mudar o mundo por meio da matem\u00e1tica! Vamos oferecer a expertise do IMPA e de seus professores, e o apoio \u00e0 subsist\u00eancia e \u00e0 moradia, para que realize seus estudos nas melhores condi\u00e7\u00f5es. E vamos apoiar os egressos em sua inser\u00e7\u00e3o profissional, tanto no mercado de trabalho quanto na p\u00f3s-gradua\u00e7\u00e3o.\u201d<\/p>\n\n\n\n<figure class=\"wp-block-image size-large\"><img loading=\"lazy\" decoding=\"async\" width=\"1024\" height=\"768\" src=\"https:\/\/treinamentolivre.com\/coder\/wp-content\/uploads\/2024\/04\/Imagem-do-WhatsApp-de-2024-04-02-as-13.19.31_624480df-1536x1152-1-1024x768.jpg\" alt=\"\" class=\"wp-image-281\" srcset=\"https:\/\/treinamentolivre.com\/coder\/wp-content\/uploads\/2024\/04\/Imagem-do-WhatsApp-de-2024-04-02-as-13.19.31_624480df-1536x1152-1-1024x768.jpg 1024w, https:\/\/treinamentolivre.com\/coder\/wp-content\/uploads\/2024\/04\/Imagem-do-WhatsApp-de-2024-04-02-as-13.19.31_624480df-1536x1152-1-300x225.jpg 300w, https:\/\/treinamentolivre.com\/coder\/wp-content\/uploads\/2024\/04\/Imagem-do-WhatsApp-de-2024-04-02-as-13.19.31_624480df-1536x1152-1-768x576.jpg 768w, https:\/\/treinamentolivre.com\/coder\/wp-content\/uploads\/2024\/04\/Imagem-do-WhatsApp-de-2024-04-02-as-13.19.31_624480df-1536x1152-1-1320x990.jpg 1320w, https:\/\/treinamentolivre.com\/coder\/wp-content\/uploads\/2024\/04\/Imagem-do-WhatsApp-de-2024-04-02-as-13.19.31_624480df-1536x1152-1-600x450.jpg 600w, https:\/\/treinamentolivre.com\/coder\/wp-content\/uploads\/2024\/04\/Imagem-do-WhatsApp-de-2024-04-02-as-13.19.31_624480df-1536x1152-1.jpg 1536w\" sizes=\"auto, (max-width: 1024px) 100vw, 1024px\" \/><\/figure>\n\n\n\n<p>O ministro da Educa\u00e7\u00e3o, Camilo Santana, destacou o ambiente inovador da gradua\u00e7\u00e3o. \u201cAqui vamos reunir Inova\u00e7\u00e3o, Ci\u00eancia, Tecnologia, um futuro mercado de trabalho de alta tecnologia e intelig\u00eancia artificial. Teremos startups e fintechs, vamos transformar isso aqui no grande Vale do Sil\u00edcio\u201d, disse Santana.<\/p>\n\n\n\n<p>A ministra da Tecnologia, Luciana Santos tamb\u00e9m enfatizou o diferencial da gradua\u00e7\u00e3o. \u201cNossa excel\u00eancia vem da diversidade. Vejo isso aqui como uma jun\u00e7\u00e3o explosiva do setor p\u00fablico, da academia e da ind\u00fastria.\u201d<\/p>\n\n\n\n<figure class=\"wp-block-image size-large\"><img loading=\"lazy\" decoding=\"async\" width=\"1024\" height=\"768\" src=\"https:\/\/treinamentolivre.com\/coder\/wp-content\/uploads\/2024\/04\/Imagem-do-WhatsApp-de-2024-04-02-as-13.19.32_ca790f2a-1536x1152-1-1024x768.jpg\" alt=\"\" class=\"wp-image-282\" srcset=\"https:\/\/treinamentolivre.com\/coder\/wp-content\/uploads\/2024\/04\/Imagem-do-WhatsApp-de-2024-04-02-as-13.19.32_ca790f2a-1536x1152-1-1024x768.jpg 1024w, https:\/\/treinamentolivre.com\/coder\/wp-content\/uploads\/2024\/04\/Imagem-do-WhatsApp-de-2024-04-02-as-13.19.32_ca790f2a-1536x1152-1-300x225.jpg 300w, https:\/\/treinamentolivre.com\/coder\/wp-content\/uploads\/2024\/04\/Imagem-do-WhatsApp-de-2024-04-02-as-13.19.32_ca790f2a-1536x1152-1-768x576.jpg 768w, https:\/\/treinamentolivre.com\/coder\/wp-content\/uploads\/2024\/04\/Imagem-do-WhatsApp-de-2024-04-02-as-13.19.32_ca790f2a-1536x1152-1-1320x990.jpg 1320w, https:\/\/treinamentolivre.com\/coder\/wp-content\/uploads\/2024\/04\/Imagem-do-WhatsApp-de-2024-04-02-as-13.19.32_ca790f2a-1536x1152-1-600x450.jpg 600w, https:\/\/treinamentolivre.com\/coder\/wp-content\/uploads\/2024\/04\/Imagem-do-WhatsApp-de-2024-04-02-as-13.19.32_ca790f2a-1536x1152-1.jpg 1536w\" sizes=\"auto, (max-width: 1024px) 100vw, 1024px\" \/><\/figure>\n\n\n\n<p>O prefeito do Rio, Eduardo Paes, respons\u00e1vel pelas obras e pelo alojamento dos alunos, contou que fez parte do discurso com aux\u00edlio do Chat GPT e refor\u00e7ou a import\u00e2ncia da tecnologia e da Intelig\u00eancia Artificial nos dias de hoje. \u201cA cada dia, as disciplinas de STEM emergem como pilares fundamentais para o desenvolvimento sustent\u00e1vel. Elas est\u00e3o na base de uma economia robusta e diversificada. A matem\u00e1tica oferece ferramentas para analisar e resolver problemas complexos em todos os campos. Uma popula\u00e7\u00e3o com forte embasamento matem\u00e1tico est\u00e1 melhor preparada para enfrentar o desafio do futuro.\u201d<\/p>\n\n\n\n<figure class=\"wp-block-image size-large\"><img loading=\"lazy\" decoding=\"async\" width=\"1024\" height=\"768\" src=\"https:\/\/treinamentolivre.com\/coder\/wp-content\/uploads\/2024\/04\/Imagem-do-WhatsApp-de-2024-04-02-as-13.19.32_7462fcf5-1536x1152-1-1024x768.jpg\" alt=\"\" class=\"wp-image-283\" srcset=\"https:\/\/treinamentolivre.com\/coder\/wp-content\/uploads\/2024\/04\/Imagem-do-WhatsApp-de-2024-04-02-as-13.19.32_7462fcf5-1536x1152-1-1024x768.jpg 1024w, https:\/\/treinamentolivre.com\/coder\/wp-content\/uploads\/2024\/04\/Imagem-do-WhatsApp-de-2024-04-02-as-13.19.32_7462fcf5-1536x1152-1-300x225.jpg 300w, https:\/\/treinamentolivre.com\/coder\/wp-content\/uploads\/2024\/04\/Imagem-do-WhatsApp-de-2024-04-02-as-13.19.32_7462fcf5-1536x1152-1-768x576.jpg 768w, https:\/\/treinamentolivre.com\/coder\/wp-content\/uploads\/2024\/04\/Imagem-do-WhatsApp-de-2024-04-02-as-13.19.32_7462fcf5-1536x1152-1-1320x990.jpg 1320w, https:\/\/treinamentolivre.com\/coder\/wp-content\/uploads\/2024\/04\/Imagem-do-WhatsApp-de-2024-04-02-as-13.19.32_7462fcf5-1536x1152-1-600x450.jpg 600w, https:\/\/treinamentolivre.com\/coder\/wp-content\/uploads\/2024\/04\/Imagem-do-WhatsApp-de-2024-04-02-as-13.19.32_7462fcf5-1536x1152-1.jpg 1536w\" sizes=\"auto, (max-width: 1024px) 100vw, 1024px\" \/><\/figure>\n\n\n\n<p>Com recursos do governo federal, o IMPA Tech receber\u00e1 at\u00e9 100 alunos em 2024 e contar\u00e1 com investimentos de R$ 18,7 milh\u00f5es, no primeiro ano; R$ 32,3 milh\u00f5es, no segundo ano; R$ 46,4 milh\u00f5es, no terceiro ano; e no final, R$ 60,9 milh\u00f5es para at\u00e9 400 estudantes.<\/p>\n\n\n\n<p>Aula Magna com Andr\u00e9 Street e Auana Mattar<\/p>\n\n\n\n<p>Nesta quarta-feira (3), o IMPA Tech d\u00e1 in\u00edcio \u00e0s aulas. Para come\u00e7ar o ano letivo, a gradua\u00e7\u00e3o receber\u00e1 Andr\u00e9 Street, co-fundador e presidente da Stone, e Auana Mattar, Chief Information Officer (CIO) da TIM para a Aula Magna Inaugural. Os convidados far\u00e3o palestras para os alunos sobre suas trajet\u00f3rias, novas tecnologias, empreendedorismo e inova\u00e7\u00e3o. O objetivo \u00e9 inserir os estudantes j\u00e1 na chegada a um ambiente estimulante para criar e inovar.<\/p>\n\n\n\n<p>A gradua\u00e7\u00e3o conta com alunos de diferentes estados do Brasil. Para atrair os estudantes, o IMPA Tech oferece alojamento estudantil para os maiores de 18 anos, gra\u00e7as a parceria com a Prefeitura do Rio, aux\u00edlio alimenta\u00e7\u00e3o de R$ 1.290, al\u00e9m de uma bolsa de R$ 500.<\/p>\n\n\n\n<p>O processo seletivo dos alunos considerou o desempenho em cinco olimp\u00edadas do conhecimento, como a OBMEP (Olimp\u00edada Brasileira de Matem\u00e1tica das Escolas P\u00fablicas), a maior do Brasil com mais de 18 milh\u00f5es de participantes, e a nota de matem\u00e1tica do Enem, al\u00e9m de entrevistas virtuais.<\/p>\n\n\n\n<p>Com quatro anos de dura\u00e7\u00e3o, o bacharelado em Matem\u00e1tica da Tecnologia e Inova\u00e7\u00e3o come\u00e7a com um ciclo b\u00e1sico de um ano e meio. Em seguida, os alunos escolhem entre quatro \u00eanfases: Matem\u00e1tica, Ci\u00eancia da Computa\u00e7\u00e3o, Ci\u00eancia de Dados e F\u00edsica.<\/p>\n\n\n\n<p>Leia mais: IMPA Tech far\u00e1 Aula Magna Inaugural em 3 de abril<\/p>\n\n\n\n<p>Veja tamb\u00e9m: IMPA Tech faz nova convoca\u00e7\u00e3o de alunos para vagas remanescentes.<\/p>\n\n\n\n<p><\/p>\n\n\n\n<p>[<a href=\"https:\/\/impatech.impa.br\/post\/258\" target=\"_blank\" rel=\"noreferrer noopener\">Veja o artigo original<\/a>]<\/p>\n","protected":false},"excerpt":{"rendered":"<p>IMPA 02\/04\/2024 O presidente Luiz In\u00e1cio Lula da Silva e o prefeito Eduardo Paes inauguraram nesta ter\u00e7a-feira (2) o IMPA Tech, primeiro curso de gradua\u00e7\u00e3o do IMPA (Instituto de Matem\u00e1tica&#8230;<\/p>\n<div class=\"more-link-wrapper\"><a class=\"more-link\" href=\"https:\/\/treinamentolivre.com\/coder\/?p=274\">Continuar a ler&#8230;<span class=\"screen-reader-text\">IMPA Tech \u00e9 \u2018gol de bicicleta\u2019, diz Lula, na inaugura\u00e7\u00e3o.<\/span><\/a><\/div>\n","protected":false},"author":1,"featured_media":0,"comment_status":"open","ping_status":"open","sticky":false,"template":"","format":"standard","meta":{"footnotes":""},"categories":[63,60,61],"tags":[],"class_list":["post-274","post","type-post","status-publish","format-standard","hentry","category-educacao","category-inovacao","category-tecnologia","excerpt"],"jetpack_sharing_enabled":true,"jetpack_featured_media_url":"","_links":{"self":[{"href":"https:\/\/treinamentolivre.com\/coder\/index.php?rest_route=\/wp\/v2\/posts\/274","targetHints":{"allow":["GET"]}}],"collection":[{"href":"https:\/\/treinamentolivre.com\/coder\/index.php?rest_route=\/wp\/v2\/posts"}],"about":[{"href":"https:\/\/treinamentolivre.com\/coder\/index.php?rest_route=\/wp\/v2\/types\/post"}],"author":[{"embeddable":true,"href":"https:\/\/treinamentolivre.com\/coder\/index.php?rest_route=\/wp\/v2\/users\/1"}],"replies":[{"embeddable":true,"href":"https:\/\/treinamentolivre.com\/coder\/index.php?rest_route=%2Fwp%2Fv2%2Fcomments&post=274"}],"version-history":[{"count":3,"href":"https:\/\/treinamentolivre.com\/coder\/index.php?rest_route=\/wp\/v2\/posts\/274\/revisions"}],"predecessor-version":[{"id":284,"href":"https:\/\/treinamentolivre.com\/coder\/index.php?rest_route=\/wp\/v2\/posts\/274\/revisions\/284"}],"wp:attachment":[{"href":"https:\/\/treinamentolivre.com\/coder\/index.php?rest_route=%2Fwp%2Fv2%2Fmedia&parent=274"}],"wp:term":[{"taxonomy":"category","embeddable":true,"href":"https:\/\/treinamentolivre.com\/coder\/index.php?rest_route=%2Fwp%2Fv2%2Fcategories&post=274"},{"taxonomy":"post_tag","embeddable":true,"href":"https:\/\/treinamentolivre.com\/coder\/index.php?rest_route=%2Fwp%2Fv2%2Ftags&post=274"}],"curies":[{"name":"wp","href":"https:\/\/api.w.org\/{rel}","templated":true}]}}