{"id":2276,"date":"2024-07-28T19:30:43","date_gmt":"2024-07-28T22:30:43","guid":{"rendered":"https:\/\/treinamentolivre.com\/aluno01\/?p=2276"},"modified":"2024-07-28T19:40:38","modified_gmt":"2024-07-28T22:40:38","slug":"juizes-do-tj-rj-e-do-trf-2-lancam-livro-sobre-inteligencia-artificial-generativa-no-direito","status":"publish","type":"post","link":"https:\/\/treinamentolivre.com\/aluno01\/arquivos\/2276","title":{"rendered":"Ju\u00edzes do TJ-RJ e do TRF-2 lan\u00e7am livro sobre intelig\u00eancia artificial generativa no Direito."},"content":{"rendered":"\n<blockquote class=\"wp-block-quote\">\n<p>AMAERJ | <strong>Educa\u00e7\u00e3o&nbsp;<\/strong>| 26 de julho de 2024 13:53<\/p>\n<\/blockquote>\n\n\n\n<figure class=\"wp-block-image size-large\"><img decoding=\"async\" src=\"https:\/\/amaerj.org.br\/wp-content\/uploads\/2024\/07\/IMG_0945-768x503.jpg\" alt=\"\"\/><\/figure>\n\n\n\n<p>Os ju\u00edzes F\u00e1bio Porto e Anderson de Paiva, do Tribunal de Justi\u00e7a do Rio de Janeiro (TJ-RJ), e Valter Shuenquener, do Tribunal Regional Federal da 2\u00aa Regi\u00e3o (TRF-2), lan\u00e7aram livro sobre a revolu\u00e7\u00e3o tecnol\u00f3gica provocada pela intelig\u00eancia artificial e a sua utiliza\u00e7\u00e3o no universo jur\u00eddico. A obra foi apresentada nesta sexta-feira (26) durante o \u201cSemin\u00e1rio Intelig\u00eancia Artificial Generativa no Direito\u201d, promovido pela Escola da Magistratura do Estado (EMERJ).<\/p>\n\n\n\n<p>Na abertura do encontro, o desembargador Marco Aur\u00e9lio Bezerra de Melo, diretor-geral da EMERJ, ressaltou a import\u00e2ncia do tema. \u201cHoje n\u00e3o poder\u00edamos ter um semin\u00e1rio mais contempor\u00e2neo. Todos n\u00f3s estamos com tanto receio e, ao mesmo tempo, \u00e1vidos para que a intelig\u00eancia artificial generativa nos ajude\u201d, afirmou.<\/p>\n\n\n\n<p>\u201cNo projeto de reforma do C\u00f3digo Civil no Senado, h\u00e1 o livro do Direito Civil Digital. Me chamou muito aten\u00e7\u00e3o que as palavras \u00e9tica e boa-f\u00e9 aparecem diversas vezes. Isso demonstra uma preocupa\u00e7\u00e3o pertinente com o mal uso da intelig\u00eancia artificial. Temos realmente que caminhar com muito cuidado. Que esse movimento seja feito para evoluir a nossa sociedade\u201d, concluiu o desembargador.<\/p>\n\n\n\n<p>[ <a href=\"https:\/\/amaerj.org.br\/noticias\/juizes-do-tj-rj-e-do-trf-2-lancam-livro-sobre-inteligencia-artificial-generativa-no-direito\/\">Veja o POST <\/a><a href=\"https:\/\/amaerj.org.br\/noticias\/juizes-do-tj-rj-e-do-trf-2-lancam-livro-sobre-inteligencia-artificial-generativa-no-direito\/\" target=\"_blank\" rel=\"noreferrer noopener\">original<\/a> ]<\/p>\n","protected":false},"excerpt":{"rendered":"<p>AMAERJ | Educa\u00e7\u00e3o&nbsp;| 26 de julho de 2024 13:53 Os ju\u00edzes F\u00e1bio Porto e Anderson de Paiva, do Tribunal de Justi\u00e7a do Rio de Janeiro (TJ-RJ), e Valter Shuenquener, do&#8230;<\/p>\n<div class=\"more-link-wrapper\"><a class=\"more-link\" href=\"https:\/\/treinamentolivre.com\/aluno01\/arquivos\/2276\">Continuar a ler&#8230;<span class=\"screen-reader-text\">Ju\u00edzes do TJ-RJ e do TRF-2 lan\u00e7am livro sobre intelig\u00eancia artificial generativa no Direito.<\/span><\/a><\/div>\n","protected":false},"author":3,"featured_media":0,"comment_status":"open","ping_status":"open","sticky":false,"template":"","format":"standard","meta":{"footnotes":""},"categories":[86,36,10,43,94,91],"tags":[],"_links":{"self":[{"href":"https:\/\/treinamentolivre.com\/aluno01\/wp-json\/wp\/v2\/posts\/2276"}],"collection":[{"href":"https:\/\/treinamentolivre.com\/aluno01\/wp-json\/wp\/v2\/posts"}],"about":[{"href":"https:\/\/treinamentolivre.com\/aluno01\/wp-json\/wp\/v2\/types\/post"}],"author":[{"embeddable":true,"href":"https:\/\/treinamentolivre.com\/aluno01\/wp-json\/wp\/v2\/users\/3"}],"replies":[{"embeddable":true,"href":"https:\/\/treinamentolivre.com\/aluno01\/wp-json\/wp\/v2\/comments?post=2276"}],"version-history":[{"count":3,"href":"https:\/\/treinamentolivre.com\/aluno01\/wp-json\/wp\/v2\/posts\/2276\/revisions"}],"predecessor-version":[{"id":2280,"href":"https:\/\/treinamentolivre.com\/aluno01\/wp-json\/wp\/v2\/posts\/2276\/revisions\/2280"}],"wp:attachment":[{"href":"https:\/\/treinamentolivre.com\/aluno01\/wp-json\/wp\/v2\/media?parent=2276"}],"wp:term":[{"taxonomy":"category","embeddable":true,"href":"https:\/\/treinamentolivre.com\/aluno01\/wp-json\/wp\/v2\/categories?post=2276"},{"taxonomy":"post_tag","embeddable":true,"href":"https:\/\/treinamentolivre.com\/aluno01\/wp-json\/wp\/v2\/tags?post=2276"}],"curies":[{"name":"wp","href":"https:\/\/api.w.org\/{rel}","templated":true}]}}