{"id":1783,"date":"2023-08-17T18:59:00","date_gmt":"2023-08-17T21:59:00","guid":{"rendered":"https:\/\/treinamentolivre.com\/aluno01\/?p=1783"},"modified":"2023-09-10T16:19:19","modified_gmt":"2023-09-10T19:19:19","slug":"tecnologia-paranoia-e-conhecimento-os-individuos-alvo-e-o-sujeito-influenciavel","status":"publish","type":"post","link":"https:\/\/treinamentolivre.com\/aluno01\/arquivos\/1783","title":{"rendered":"Tecnologia, paranoia e conhecimento: os indiv\u00edduos-alvo e o sujeito influenci\u00e1vel."},"content":{"rendered":"\n<blockquote class=\"wp-block-quote\"><p>N\u00facleo de Antropologias Experimentais &#8211; UNILAB<\/p><p>Entrevista com Paulo Faltay &#8211; 17 de ago. de 2023<\/p><\/blockquote>\n\n\n\n<p>&#8220;Targeted Individual&#8221; \u00e9, segundo algumas teorias da conspira\u00e7\u00e3o, a pessoa escolhida pelo poder para sofrer uma s\u00e9rie de testes e prova\u00e7\u00f5es, com o objetivo de testar m\u00e9todos de manipula\u00e7\u00e3o da mente. Segundo essas teorias, \u00f3rg\u00e3os dos governos estariam envolvidos. Mas se analisarmos casos brasileiros, chegamos \u00e0 conclus\u00e3o de que cada um de n\u00f3s est\u00e1 correndo o risco de ser um &#8220;Targeted Individual&#8221; &#8211; e qualquer organiza\u00e7\u00e3o pode fomentar essa agress\u00e3o, gra\u00e7as justamente \u00e0 fraca a\u00e7\u00e3o dos governos na prote\u00e7\u00e3o dos direitos individuais.<\/p>\n\n\n\n<p><\/p>\n\n\n\n<p>[ <a rel=\"noreferrer noopener\" href=\"https:\/\/www.youtube.com\/watch?v=euxKU9dtFXk\" target=\"_blank\">Assista  \u00e0 palestra<\/a> de Paulo Faltay ]<\/p>\n\n\n\n<p>[ Veja tamb\u00e9m <a rel=\"noreferrer noopener\" href=\"https:\/\/www.wired.com\/story\/mind-games-the-tortured-lives-of-targeted-individuals\/\" target=\"_blank\">uma reportagem na Wired<\/a>: Mind Games: The Tortured Lives of \u2018Targeted Individuals\u2019 ].<\/p>\n\n\n\n<p>[ Ainda na Wired: &#8220;<a rel=\"noreferrer noopener\" href=\"https:\/\/www.wired.com\/story\/my-father-says-hes-a-targeted-individual-maybe-we-all-are\/\" target=\"_blank\">Meu pai diz que ele \u00e9 um \u2018indiv\u00edduo-alvo\u2019. Talvez todos n\u00f3s sejamos&#8221;<\/a> ].<\/p>\n\n\n\n<p><\/p>\n","protected":false},"excerpt":{"rendered":"<p>N\u00facleo de Antropologias Experimentais &#8211; UNILAB Entrevista com Paulo Faltay &#8211; 17 de ago. de 2023 &#8220;Targeted Individual&#8221; \u00e9, segundo algumas teorias da conspira\u00e7\u00e3o, a pessoa escolhida pelo poder para&#8230;<\/p>\n<div class=\"more-link-wrapper\"><a class=\"more-link\" href=\"https:\/\/treinamentolivre.com\/aluno01\/arquivos\/1783\">Continuar a ler&#8230;<span class=\"screen-reader-text\">Tecnologia, paranoia e conhecimento: os indiv\u00edduos-alvo e o sujeito influenci\u00e1vel.<\/span><\/a><\/div>\n","protected":false},"author":3,"featured_media":0,"comment_status":"open","ping_status":"open","sticky":false,"template":"","format":"standard","meta":{"footnotes":""},"categories":[16,30],"tags":[],"_links":{"self":[{"href":"https:\/\/treinamentolivre.com\/aluno01\/wp-json\/wp\/v2\/posts\/1783"}],"collection":[{"href":"https:\/\/treinamentolivre.com\/aluno01\/wp-json\/wp\/v2\/posts"}],"about":[{"href":"https:\/\/treinamentolivre.com\/aluno01\/wp-json\/wp\/v2\/types\/post"}],"author":[{"embeddable":true,"href":"https:\/\/treinamentolivre.com\/aluno01\/wp-json\/wp\/v2\/users\/3"}],"replies":[{"embeddable":true,"href":"https:\/\/treinamentolivre.com\/aluno01\/wp-json\/wp\/v2\/comments?post=1783"}],"version-history":[{"count":10,"href":"https:\/\/treinamentolivre.com\/aluno01\/wp-json\/wp\/v2\/posts\/1783\/revisions"}],"predecessor-version":[{"id":1802,"href":"https:\/\/treinamentolivre.com\/aluno01\/wp-json\/wp\/v2\/posts\/1783\/revisions\/1802"}],"wp:attachment":[{"href":"https:\/\/treinamentolivre.com\/aluno01\/wp-json\/wp\/v2\/media?parent=1783"}],"wp:term":[{"taxonomy":"category","embeddable":true,"href":"https:\/\/treinamentolivre.com\/aluno01\/wp-json\/wp\/v2\/categories?post=1783"},{"taxonomy":"post_tag","embeddable":true,"href":"https:\/\/treinamentolivre.com\/aluno01\/wp-json\/wp\/v2\/tags?post=1783"}],"curies":[{"name":"wp","href":"https:\/\/api.w.org\/{rel}","templated":true}]}}